{"id":1164,"date":"2020-02-10T10:14:59","date_gmt":"2020-02-10T09:14:59","guid":{"rendered":"https:\/\/unemainposee.fr\/?p=1164"},"modified":"2021-03-18T11:18:12","modified_gmt":"2021-03-18T10:18:12","slug":"offre-speciale","status":"publish","type":"post","link":"https:\/\/unemainposee.fr\/index.php\/2020\/02\/10\/offre-speciale\/","title":{"rendered":"Offre sp\u00e9ciale !"},"content":{"rendered":"<div id=\"attachment_1165\" style=\"width: 950px\" class=\"wp-caption alignnone\"><img aria-describedby=\"caption-attachment-1165\" loading=\"lazy\" class=\"size-full wp-image-1165\" src=\"https:\/\/unemainposee.fr\/wp-content\/uploads\/2020\/02\/15.png\" alt=\"Massage bien-\u00eatre\" width=\"940\" height=\"788\" srcset=\"https:\/\/unemainposee.fr\/wp-content\/uploads\/2020\/02\/15.png 940w, https:\/\/unemainposee.fr\/wp-content\/uploads\/2020\/02\/15-300x251.png 300w, https:\/\/unemainposee.fr\/wp-content\/uploads\/2020\/02\/15-768x644.png 768w, https:\/\/unemainposee.fr\/wp-content\/uploads\/2020\/02\/15-705x591.png 705w, https:\/\/unemainposee.fr\/wp-content\/uploads\/2020\/02\/15-450x377.png 450w\" sizes=\"(max-width: 940px) 100vw, 940px\" \/><p id=\"caption-attachment-1165\" class=\"wp-caption-text\">Offre sp\u00e9ciale sur votre massage bien-\u00eatre<\/p><\/div>\n<h3>Rien que pour vous &#8230;<\/h3>\n<p>Pour vous accompagner durant cette p\u00e9riode hivernale, je vous propose <strong>une r\u00e9duction de 15%<\/strong> sur le massage de votre choix <strong>pour tout rendez-vous pris avant le 28 F\u00e9vrier<\/strong> !<\/p>\n<p>Par exemple :<\/p>\n<p>Le massage<strong> Essentiel <\/strong>de 70 minutes \u00e0 65 \u20ac vous est propos\u00e9 \u00e0 <strong>55 \u20ac<\/strong><\/p>\n<p>Le massage aux <strong>Pierres chaudes<\/strong> d&#8217;1 heure \u00e0 70 \u20ac vous est propos\u00e9 \u00e0 <strong>59 \u20ac<\/strong><\/p>\n<p>Les massages <strong>Grand relaxant<\/strong> et <strong>Pieds et chevilles<\/strong> d&#8217;1\/2 heure chacun \u00e0 35 \u20ac vous sont propos\u00e9s \u00e0 <strong>30 \u20ac<\/strong><\/p>\n<p>&nbsp;<\/p>\n<p>Alors, n&#8217;h\u00e9sitez pas \u00e0 profiter d&#8217;un moment de d\u00e9tente et de bien-\u00eatre. Contactez-moi pour prendre <strong>un rendez-vous<\/strong> <strong>avant le 28 F\u00e9vrier 2020<\/strong>.<\/p>\n<p>A tr\u00e8s bient\u00f4t \ud83d\ude42<\/p>\n<p>&nbsp;<\/p>\n<p><em><span style=\"font-size: 10pt;\">*Offre non cumulable avec d&#8217;autres remises.<\/span><\/em><\/p>\n","protected":false},"excerpt":{"rendered":"<p>Rien que pour vous &#8230; Pour vous accompagner durant cette p\u00e9riode hivernale, je vous propose une r\u00e9duction de 15% sur le massage de votre choix pour tout rendez-vous pris avant le 28 F\u00e9vrier ! Par exemple : Le massage Essentiel de 70 minutes \u00e0 65 \u20ac vous est propos\u00e9 \u00e0 55 \u20ac Le massage aux [&hellip;]<\/p>\n","protected":false},"author":2,"featured_media":1165,"comment_status":"closed","ping_status":"closed","sticky":false,"template":"","format":"standard","meta":[],"categories":[4],"tags":[],"_links":{"self":[{"href":"https:\/\/unemainposee.fr\/index.php\/wp-json\/wp\/v2\/posts\/1164"}],"collection":[{"href":"https:\/\/unemainposee.fr\/index.php\/wp-json\/wp\/v2\/posts"}],"about":[{"href":"https:\/\/unemainposee.fr\/index.php\/wp-json\/wp\/v2\/types\/post"}],"author":[{"embeddable":true,"href":"https:\/\/unemainposee.fr\/index.php\/wp-json\/wp\/v2\/users\/2"}],"replies":[{"embeddable":true,"href":"https:\/\/unemainposee.fr\/index.php\/wp-json\/wp\/v2\/comments?post=1164"}],"version-history":[{"count":8,"href":"https:\/\/unemainposee.fr\/index.php\/wp-json\/wp\/v2\/posts\/1164\/revisions"}],"predecessor-version":[{"id":1992,"href":"https:\/\/unemainposee.fr\/index.php\/wp-json\/wp\/v2\/posts\/1164\/revisions\/1992"}],"wp:featuredmedia":[{"embeddable":true,"href":"https:\/\/unemainposee.fr\/index.php\/wp-json\/wp\/v2\/media\/1165"}],"wp:attachment":[{"href":"https:\/\/unemainposee.fr\/index.php\/wp-json\/wp\/v2\/media?parent=1164"}],"wp:term":[{"taxonomy":"category","embeddable":true,"href":"https:\/\/unemainposee.fr\/index.php\/wp-json\/wp\/v2\/categories?post=1164"},{"taxonomy":"post_tag","embeddable":true,"href":"https:\/\/unemainposee.fr\/index.php\/wp-json\/wp\/v2\/tags?post=1164"}],"curies":[{"name":"wp","href":"https:\/\/api.w.org\/{rel}","templated":true}]}}